{"id":1675,"date":"2020-12-24T15:57:03","date_gmt":"2020-12-24T14:57:03","guid":{"rendered":"https:\/\/ljktk.ba\/v2\/?p=1675"},"modified":"2020-12-24T15:57:04","modified_gmt":"2020-12-24T14:57:04","slug":"in-memoriam-prim-dr-nusret-osmanovic-specijalista-fizikalne-medicine-i-rehabilitacije","status":"publish","type":"post","link":"https:\/\/ljktk.ba\/v2\/in-memoriam-prim-dr-nusret-osmanovic-specijalista-fizikalne-medicine-i-rehabilitacije\/","title":{"rendered":"In memoriam: Prim. dr Nusret Osmanovi\u0107, specijalista fizikalne medicine i rehabilitacije"},"content":{"rendered":"\n<p class=\"wp-block-paragraph\">In memoriam: Prim. dr Nusret Osmanovi\u0107, specijalista fizikalne medicine i rehabilitacije<\/p>\n\n\n\n<p class=\"wp-block-paragraph\">U 61. godini \u017eivota preminuo je prim. dr Nusret Osmanovi\u0107, specijalista fizikalne medicine i rehabilitacije, dugogodi\u0161nji \u010dlan Ljekarske komore Tuzlanskog kantona. &nbsp;&nbsp;&nbsp;<\/p>\n\n\n\n<p class=\"wp-block-paragraph\">Prim. dr Nusret Osmanovi\u0107 ro\u0111en je 06.12.1959. godine u Tuzli, gdje je 1984. godine diplomirao na Medicinskom fakultetu Univerziteta u Tuzli.<\/p>\n\n\n\n<p class=\"wp-block-paragraph\">Stru\u010dni ispit polo\u017eio je 1987. godine u Sarajevu.<\/p>\n\n\n\n<p class=\"wp-block-paragraph\">Specijalizaciju iz fizikalne medicine i rehabilitacije zavr\u0161io je 1994. godine.<\/p>\n\n\n\n<p class=\"wp-block-paragraph\">Svoj radni vijek proveo je u Univerzitetsko klini\u010dkom centru Tuzla &#8211; Klinika za fizikalnu medicinu i rehabilitaciju. &nbsp;<\/p>\n\n\n\n<p class=\"wp-block-paragraph\">Pacijenti, radne kolege, prijatelji za prim. dr Nusreta Osmanovi\u0107a imaju samo rije\u010d hvale, opisuju\u0107i ga kao dobrog \u010dovjeka i doktora.&nbsp;&nbsp;<\/p>\n","protected":false},"excerpt":{"rendered":"<p>In memoriam: Prim. dr Nusret Osmanovi\u0107, specijalista fizikalne medicine i rehabilitacije U 61. godini \u017eivota preminuo je prim. dr Nusret Osmanovi\u0107, specijalista fizikalne medicine i rehabilitacije, dugogodi\u0161nji \u010dlan Ljekarske komore Tuzlanskog kantona. &nbsp;&nbsp;&nbsp; Prim. dr Nusret Osmanovi\u0107 ro\u0111en je 06.12.1959. godine u Tuzli, gdje je 1984. godine diplomirao na Medicinskom fakultetu Univerziteta u Tuzli. Stru\u010dni [&hellip;]<\/p>\n","protected":false},"author":3,"featured_media":1676,"comment_status":"closed","ping_status":"open","sticky":false,"template":"","format":"standard","meta":{"_et_pb_use_builder":"","_et_pb_old_content":"","_et_gb_content_width":"","footnotes":""},"categories":[9,4],"tags":[],"class_list":["post-1675","post","type-post","status-publish","format-standard","has-post-thumbnail","hentry","category-izdvojeno","category-novosti","et-has-post-format-content","et_post_format-et-post-format-standard"],"_links":{"self":[{"href":"https:\/\/ljktk.ba\/v2\/wp-json\/wp\/v2\/posts\/1675","targetHints":{"allow":["GET"]}}],"collection":[{"href":"https:\/\/ljktk.ba\/v2\/wp-json\/wp\/v2\/posts"}],"about":[{"href":"https:\/\/ljktk.ba\/v2\/wp-json\/wp\/v2\/types\/post"}],"author":[{"embeddable":true,"href":"https:\/\/ljktk.ba\/v2\/wp-json\/wp\/v2\/users\/3"}],"replies":[{"embeddable":true,"href":"https:\/\/ljktk.ba\/v2\/wp-json\/wp\/v2\/comments?post=1675"}],"version-history":[{"count":1,"href":"https:\/\/ljktk.ba\/v2\/wp-json\/wp\/v2\/posts\/1675\/revisions"}],"predecessor-version":[{"id":1677,"href":"https:\/\/ljktk.ba\/v2\/wp-json\/wp\/v2\/posts\/1675\/revisions\/1677"}],"wp:featuredmedia":[{"embeddable":true,"href":"https:\/\/ljktk.ba\/v2\/wp-json\/wp\/v2\/media\/1676"}],"wp:attachment":[{"href":"https:\/\/ljktk.ba\/v2\/wp-json\/wp\/v2\/media?parent=1675"}],"wp:term":[{"taxonomy":"category","embeddable":true,"href":"https:\/\/ljktk.ba\/v2\/wp-json\/wp\/v2\/categories?post=1675"},{"taxonomy":"post_tag","embeddable":true,"href":"https:\/\/ljktk.ba\/v2\/wp-json\/wp\/v2\/tags?post=1675"}],"curies":[{"name":"wp","href":"https:\/\/api.w.org\/{rel}","templated":true}]}}