{"id":1710,"date":"2021-02-10T16:09:49","date_gmt":"2021-02-10T15:09:49","guid":{"rendered":"https:\/\/ljktk.ba\/v2\/?p=1710"},"modified":"2023-09-20T15:06:06","modified_gmt":"2023-09-20T13:06:06","slug":"in-memoriam-doc-dr-sc-fahrija-hadzovic-specijalista-interne-medicine","status":"publish","type":"post","link":"https:\/\/ljktk.ba\/v2\/in-memoriam-doc-dr-sc-fahrija-hadzovic-specijalista-interne-medicine\/","title":{"rendered":"In memoriam: Doc.dr.sc. Fahrija Had\u017eovi\u0107, specijalista interne medicine"},"content":{"rendered":"\n<p class=\"wp-block-paragraph\">In memoriam: Doc. dr. sc. Fahrija Had\u017eovi\u0107, specijalista interne medicine<\/p>\n\n\n\n<p class=\"wp-block-paragraph\">U 89. godini \u017eivota preminuo je doc. dr. sc. Fahrija Had\u017eovi\u0107, specijalista interne medicine, dugogodi\u0161nji \u010dlan Ljekarske komore Tuzlanskog kantona. &nbsp;&nbsp;&nbsp;&nbsp;&nbsp;<\/p>\n\n\n\n<p class=\"wp-block-paragraph\">Doc. dr. sc. Fahrija Had\u017eovi\u0107 ro\u0111en je 24.04.1932. godine u Trebinju.<\/p>\n\n\n\n<p class=\"wp-block-paragraph\">U Beogradu je 1960. godine zavr\u0161io Medicinski fakultet te stru\u010dni ispit 1964. godine.<\/p>\n\n\n\n<p class=\"wp-block-paragraph\">Specijalizaciju iz oblasti interna medicina zavr\u0161io je u Beogradu 1969. godine. &nbsp;&nbsp;<\/p>\n\n\n\n<p class=\"wp-block-paragraph\">Titulu primarijusa je stekao 1978. godine.<\/p>\n\n\n\n<p class=\"wp-block-paragraph\">Na Medicinskom fakultetu Univerziteta u Tuzli 1986. godine odbranio je doktorat.<\/p>\n\n\n\n<h3 class=\"wp-block-heading\"><\/h3>\n\n\n\n<p class=\"wp-block-paragraph\">Svoj radni vijek, do 2002. godine, proveo je u JZNU Dom zdravlja Tuzla poliklinika za interne bolesti, gdje je obavljao i funkciju na\u010delnika poliklinike.<\/p>\n\n\n\n<p class=\"wp-block-paragraph\">Pri Medicinskom fakultetu Univerziteta u Tuzli \u2013 Katedra za unutra\u0161nje bolesti \u2013 aktivno je u\u010destvovao u nau\u010dno-nastavnom procesu. \u00a0<\/p>\n\n\n\n<p class=\"wp-block-paragraph\">Bio je aktivan \u010dlan Udur\u017eenja kardiologa Bosne i Hercegovine.<\/p>\n\n\n\n<p class=\"wp-block-paragraph\">Pacijenti, radne kolege i prijatelji doc. dr. sc. Fahrije Had\u017eovi\u0107a imaju samo rije\u010d hvale, opisuju\u0107i ga kao dobrog doktora i \u010dovjeka.<\/p>\n\n\n\n<p class=\"wp-block-paragraph\"><\/p>\n\n\n\n<p class=\"wp-block-paragraph\"><\/p>\n\n\n\n<p class=\"wp-block-paragraph\"><\/p>\n\n\n\n<p class=\"wp-block-paragraph\"><\/p>\n\n\n\n<h3 class=\"wp-block-heading\"><\/h3>\n\n\n\n<p class=\"wp-block-paragraph\"><\/p>\n\n\n\n<p class=\"wp-block-paragraph\"><\/p>\n\n\n\n<p class=\"wp-block-paragraph\"><\/p>\n","protected":false},"excerpt":{"rendered":"<p>In memoriam: Doc. dr. sc. Fahrija Had\u017eovi\u0107, specijalista interne medicine U 89. godini \u017eivota preminuo je doc. dr. sc. Fahrija Had\u017eovi\u0107, specijalista interne medicine, dugogodi\u0161nji \u010dlan Ljekarske komore Tuzlanskog kantona. &nbsp;&nbsp;&nbsp;&nbsp;&nbsp; Doc. dr. sc. Fahrija Had\u017eovi\u0107 ro\u0111en je 24.04.1932. godine u Trebinju. U Beogradu je 1960. godine zavr\u0161io Medicinski fakultet te stru\u010dni ispit 1964. godine. [&hellip;]<\/p>\n","protected":false},"author":3,"featured_media":1711,"comment_status":"closed","ping_status":"open","sticky":false,"template":"","format":"standard","meta":{"_et_pb_use_builder":"","_et_pb_old_content":"","_et_gb_content_width":"","footnotes":""},"categories":[17],"tags":[],"class_list":["post-1710","post","type-post","status-publish","format-standard","has-post-thumbnail","hentry","category-in-memoriam","et-has-post-format-content","et_post_format-et-post-format-standard"],"_links":{"self":[{"href":"https:\/\/ljktk.ba\/v2\/wp-json\/wp\/v2\/posts\/1710","targetHints":{"allow":["GET"]}}],"collection":[{"href":"https:\/\/ljktk.ba\/v2\/wp-json\/wp\/v2\/posts"}],"about":[{"href":"https:\/\/ljktk.ba\/v2\/wp-json\/wp\/v2\/types\/post"}],"author":[{"embeddable":true,"href":"https:\/\/ljktk.ba\/v2\/wp-json\/wp\/v2\/users\/3"}],"replies":[{"embeddable":true,"href":"https:\/\/ljktk.ba\/v2\/wp-json\/wp\/v2\/comments?post=1710"}],"version-history":[{"count":2,"href":"https:\/\/ljktk.ba\/v2\/wp-json\/wp\/v2\/posts\/1710\/revisions"}],"predecessor-version":[{"id":1713,"href":"https:\/\/ljktk.ba\/v2\/wp-json\/wp\/v2\/posts\/1710\/revisions\/1713"}],"wp:featuredmedia":[{"embeddable":true,"href":"https:\/\/ljktk.ba\/v2\/wp-json\/wp\/v2\/media\/1711"}],"wp:attachment":[{"href":"https:\/\/ljktk.ba\/v2\/wp-json\/wp\/v2\/media?parent=1710"}],"wp:term":[{"taxonomy":"category","embeddable":true,"href":"https:\/\/ljktk.ba\/v2\/wp-json\/wp\/v2\/categories?post=1710"},{"taxonomy":"post_tag","embeddable":true,"href":"https:\/\/ljktk.ba\/v2\/wp-json\/wp\/v2\/tags?post=1710"}],"curies":[{"name":"wp","href":"https:\/\/api.w.org\/{rel}","templated":true}]}}